{"id":13722,"date":"2024-01-10T14:12:02","date_gmt":"2024-01-10T14:12:02","guid":{"rendered":"https:\/\/www.kern-sammet.ch\/non-classifiee\/cooperation-avec-bakery-bakery\/"},"modified":"2024-04-24T10:32:25","modified_gmt":"2024-04-24T10:32:25","slug":"cooperation-avec-bakery-bakery","status":"publish","type":"post","link":"https:\/\/www.kern-sammet.ch\/fr\/news-fr\/cooperation-avec-bakery-bakery\/","title":{"rendered":"Coop\u00e9ration avec Bakery Bakery"},"content":{"rendered":"\t\t<div data-elementor-type=\"wp-post\" data-elementor-id=\"13722\" class=\"elementor elementor-13722 elementor-5316\" data-elementor-post-type=\"post\">\n\t\t\t\t<div class=\"elementor-element elementor-element-294bcbef e-con-full e-flex e-con e-parent\" data-id=\"294bcbef\" data-element_type=\"container\" data-e-type=\"container\" data-settings=\"{&quot;background_background&quot;:&quot;classic&quot;}\">\n\t\t\t\t<\/div>\n\t\t<div class=\"elementor-element elementor-element-67fdef6e e-con-full e-flex e-con e-parent\" data-id=\"67fdef6e\" data-element_type=\"container\" data-e-type=\"container\" data-settings=\"{&quot;background_background&quot;:&quot;classic&quot;}\">\n\t\t<div class=\"elementor-element elementor-element-107a66cc e-con-full e-flex e-con e-child\" data-id=\"107a66cc\" data-element_type=\"container\" data-e-type=\"container\">\n\t\t\t\t<div class=\"elementor-element elementor-element-1c2825c9 elementor-hidden-mobile elementor-widget elementor-widget-html\" data-id=\"1c2825c9\" data-element_type=\"widget\" data-e-type=\"widget\" data-widget_type=\"html.default\">\n\t\t\t\t<div class=\"elementor-widget-container\">\n\t\t\t\t\t<div class=\"kurv-cont\" data-corners=\"2\" data-wave_height=\"2.6\" data-wave_length=\"30\">\n\t\n\t<div class=\"kurv-line\"><h1>Actualit\u00e9s<\/h1><\/div>\n<\/div>\t\t\t\t<\/div>\n\t\t\t\t<\/div>\n\t\t<div class=\"elementor-element elementor-element-fbafed9 e-con-full elementor-hidden-desktop elementor-hidden-tablet e-flex e-con e-child\" data-id=\"fbafed9\" data-element_type=\"container\" data-e-type=\"container\" data-settings=\"{&quot;background_background&quot;:&quot;classic&quot;}\">\n\t\t<div class=\"elementor-element elementor-element-4b6446e9 e-con-full e-flex e-con e-child\" data-id=\"4b6446e9\" data-element_type=\"container\" data-e-type=\"container\" data-settings=\"{&quot;background_background&quot;:&quot;classic&quot;}\">\n\t\t\t\t<div class=\"elementor-element elementor-element-51af773c elementor-widget elementor-widget-heading\" data-id=\"51af773c\" data-element_type=\"widget\" data-e-type=\"widget\" data-widget_type=\"heading.default\">\n\t\t\t\t<div class=\"elementor-widget-container\">\n\t\t\t\t\t<h1 class=\"elementor-heading-title elementor-size-default\">Actualit\u00e9s<\/h1>\t\t\t\t<\/div>\n\t\t\t\t<\/div>\n\t\t\t\t<\/div>\n\t\t\t\t<\/div>\n\t\t\t\t<\/div>\n\t\t\t\t<\/div>\n\t\t<div class=\"elementor-element elementor-element-bcef546 e-con-full e-flex e-con e-parent\" data-id=\"bcef546\" data-element_type=\"container\" data-e-type=\"container\" data-settings=\"{&quot;background_background&quot;:&quot;classic&quot;}\">\n\t\t\t\t<div class=\"elementor-element elementor-element-5dae68d2 elementor-widget elementor-widget-pp-breadcrumbs\" data-id=\"5dae68d2\" data-element_type=\"widget\" data-e-type=\"widget\" data-settings=\"{&quot;breadcrumbs_type&quot;:&quot;powerpack&quot;}\" data-widget_type=\"pp-breadcrumbs.default\">\n\t\t\t\t<div class=\"elementor-widget-container\">\n\t\t\t\t\t<ul class=\"pp-breadcrumbs pp-breadcrumbs-powerpack\">\t\t<li class=\"pp-breadcrumbs-item pp-breadcrumbs-item-home\">\n\t\t\t<a class=\"pp-breadcrumbs-crumb pp-breadcrumbs-crumb-link pp-breadcrumbs-crumb-home\" href=\"https:\/\/www.kern-sammet.ch\/fr\/\" title=\"Homefr\">\n\t\t\t\t<span class=\"pp-breadcrumbs-text\">\n\t\t\t\t\t\t\t\t\t\t\t<span class=\"pp-icon\">\n\t\t\t\t\t\t\t<i aria-hidden=\"true\" class=\"fas fa-home\"><\/i>\t\t\t\t\t\t<\/span>\n\t\t\t\t\t\t\t\t\t\tHomefr\t\t\t\t<\/span>\n\t\t\t<\/a>\n\t\t<\/li>\n\t\t<li class=\"pp-breadcrumbs-separator\">\t\t\t\t<span class='pp-separator-icon pp-icon'>\n\t\t\t\t\t<i aria-hidden=\"true\" class=\"fas fa-angle-right\"><\/i>\t\t\t\t<\/span>\n\t\t\t\t<\/li><\/ul>\t\t\t\t<\/div>\n\t\t\t\t<\/div>\n\t\t\t\t<\/div>\n\t\t<div class=\"elementor-element elementor-element-3e40820d e-con-full e-flex e-con e-parent\" data-id=\"3e40820d\" data-element_type=\"container\" data-e-type=\"container\" data-settings=\"{&quot;background_background&quot;:&quot;classic&quot;}\">\n\t\t\t\t<div class=\"elementor-element elementor-element-57185fac elementor-widget elementor-widget-heading\" data-id=\"57185fac\" data-element_type=\"widget\" data-e-type=\"widget\" data-widget_type=\"heading.default\">\n\t\t\t\t<div class=\"elementor-widget-container\">\n\t\t\t\t\t<h2 class=\"elementor-heading-title elementor-size-default\">Coop\u00e9ration avec Bakery Bakery<\/h2>\t\t\t\t<\/div>\n\t\t\t\t<\/div>\n\t\t\t\t<\/div>\n\t\t<div class=\"elementor-element elementor-element-c05928a e-flex e-con-boxed e-con e-parent\" data-id=\"c05928a\" data-element_type=\"container\" data-e-type=\"container\">\n\t\t\t\t\t<div class=\"e-con-inner\">\n\t\t<div class=\"elementor-element elementor-element-bde63b0 e-con-full e-flex e-con e-child\" data-id=\"bde63b0\" data-element_type=\"container\" data-e-type=\"container\">\n\t\t\t\t<div class=\"elementor-element elementor-element-539d465 elementor-widget elementor-widget-text-editor\" data-id=\"539d465\" data-element_type=\"widget\" data-e-type=\"widget\" data-widget_type=\"text-editor.default\">\n\t\t\t\t<div class=\"elementor-widget-container\">\n\t\t\t\t\t\t\t\t\t<p>Nous avons le plaisir de vous pr\u00e9senter une nouveaut\u00e9 exceptionnelle de la maison Kern &amp; Sammet! En \u00e9troite collaboration avec l\u2019entreprise Bakery Bakery, la premi\u00e8re boulangerie enti\u00e8rement v\u00e9gane de Suisse, nous sommes fiers de vous pr\u00e9senter notre toute nouvelle gamme v\u00e9gane: Bakery Bakery \u00d7 Kern &amp; Sammet. <\/p>\n<p>Tandis que Bakery Bakery est d\u00e9j\u00e0 connue pour ses gourmandises v\u00e9ganes d\u2019exception et son concept durable, Kern &amp; Sammet se distingue par ses pr\u00e8s de 50 ans d\u2019exp\u00e9rience dans la confection de pains et de produits de boulangerie de grande qualit\u00e9. Par l\u2019union de nos forces, nous vous proposons une s\u00e9lection vari\u00e9e de d\u00e9licieuses p\u00e2tisseries sans produits d\u2019origine animale.<\/p>\n<p>Cliquez ici pour d\u00e9couvrir une s\u00e9lection de produits v\u00e9gans et durables qui plaisent aussi par leur go\u00fbt.<\/p>\n\t\t\t\t\t\t\t\t<\/div>\n\t\t\t\t<\/div>\n\t\t\t\t<\/div>\n\t\t<div class=\"elementor-element elementor-element-ae2ce88 e-con-full e-flex e-con e-child\" data-id=\"ae2ce88\" data-element_type=\"container\" data-e-type=\"container\">\n\t\t\t\t<div class=\"elementor-element elementor-element-6fc40f2 elementor-widget elementor-widget-image\" data-id=\"6fc40f2\" data-element_type=\"widget\" data-e-type=\"widget\" data-widget_type=\"image.default\">\n\t\t\t\t<div class=\"elementor-widget-container\">\n\t\t\t\t\t\t\t\t\t\t\t\t\t\t\t<img fetchpriority=\"high\" decoding=\"async\" width=\"800\" height=\"800\" src=\"https:\/\/www.kern-sammet.ch\/wp-content\/uploads\/2024\/01\/BakeryBakery-web.jpg\" class=\"attachment-large size-large wp-image-5389\" alt=\"\" srcset=\"https:\/\/www.kern-sammet.ch\/wp-content\/uploads\/2024\/01\/BakeryBakery-web.jpg 800w, https:\/\/www.kern-sammet.ch\/wp-content\/uploads\/2024\/01\/BakeryBakery-web-300x300.jpg 300w, https:\/\/www.kern-sammet.ch\/wp-content\/uploads\/2024\/01\/BakeryBakery-web-150x150.jpg 150w, https:\/\/www.kern-sammet.ch\/wp-content\/uploads\/2024\/01\/BakeryBakery-web-768x768.jpg 768w\" sizes=\"(max-width: 800px) 100vw, 800px\" \/>\t\t\t\t\t\t\t\t\t\t\t\t\t\t\t<\/div>\n\t\t\t\t<\/div>\n\t\t\t\t<\/div>\n\t\t\t\t\t<\/div>\n\t\t\t\t<\/div>\n\t\t<div class=\"elementor-element elementor-element-5347903e e-flex e-con-boxed e-con e-parent\" data-id=\"5347903e\" data-element_type=\"container\" data-e-type=\"container\">\n\t\t\t\t\t<div class=\"e-con-inner\">\n\t\t\t\t<div class=\"elementor-element elementor-element-74f7ea3b elementor-widget elementor-widget-loop-carousel\" data-id=\"74f7ea3b\" data-element_type=\"widget\" data-e-type=\"widget\" data-settings=\"{&quot;template_id&quot;:5301,&quot;_skin&quot;:&quot;post&quot;,&quot;slides_to_show&quot;:&quot;3&quot;,&quot;slides_to_show_tablet&quot;:&quot;2&quot;,&quot;slides_to_show_mobile&quot;:&quot;1&quot;,&quot;slides_to_scroll&quot;:&quot;1&quot;,&quot;edit_handle_selector&quot;:&quot;.elementor-loop-container&quot;,&quot;infinite&quot;:&quot;yes&quot;,&quot;speed&quot;:500,&quot;offset_sides&quot;:&quot;none&quot;,&quot;image_spacing_custom&quot;:{&quot;unit&quot;:&quot;px&quot;,&quot;size&quot;:10,&quot;sizes&quot;:[]},&quot;image_spacing_custom_tablet&quot;:{&quot;unit&quot;:&quot;px&quot;,&quot;size&quot;:&quot;&quot;,&quot;sizes&quot;:[]},&quot;image_spacing_custom_mobile&quot;:{&quot;unit&quot;:&quot;px&quot;,&quot;size&quot;:&quot;&quot;,&quot;sizes&quot;:[]}}\" data-widget_type=\"loop-carousel.post\">\n\t\t\t\t<div class=\"elementor-widget-container\">\n\t\t\t\t\t\t\t<div class=\"swiper elementor-loop-container elementor-grid\" role=\"list\" dir=\"ltr\">\n\t\t\t\t<div class=\"swiper-wrapper\" aria-live=\"polite\">\n\t\t<style id=\"loop-dynamic-5301\">.e-loop-item-15756 .elementor-element.elementor-element-ebdf0ee:not(.elementor-motion-effects-element-type-background), .e-loop-item-15756 .elementor-element.elementor-element-ebdf0ee > .elementor-motion-effects-container > .elementor-motion-effects-layer{background-image:url(\"https:\/\/www.kern-sammet.ch\/wp-content\/uploads\/2025\/01\/News_2025_01_Deklaration.jpg\");}<\/style><style id=\"loop-5301\">.elementor-5301 .elementor-element.elementor-element-79d35e2{--display:flex;--flex-direction:column;--container-widget-width:100%;--container-widget-height:initial;--container-widget-flex-grow:0;--container-widget-align-self:initial;--flex-wrap-mobile:wrap;border-style:solid;--border-style:solid;border-width:1px 1px 1px 1px;--border-top-width:1px;--border-right-width:1px;--border-bottom-width:1px;--border-left-width:1px;border-color:var( --e-global-color-text );--border-color:var( --e-global-color-text );--border-radius:0px 0px 0px 0px;--padding-top:0px;--padding-bottom:20px;--padding-left:0px;--padding-right:0px;}.elementor-5301 .elementor-element.elementor-element-ebdf0ee{--display:flex;--min-height:195px;--margin-top:0px;--margin-bottom:0px;--margin-left:0px;--margin-right:0px;--padding-top:0px;--padding-bottom:0px;--padding-left:0px;--padding-right:0px;}.elementor-5301 .elementor-element.elementor-element-ebdf0ee:not(.elementor-motion-effects-element-type-background), .elementor-5301 .elementor-element.elementor-element-ebdf0ee > .elementor-motion-effects-container > .elementor-motion-effects-layer{background-position:center center;background-size:cover;}.elementor-widget-button .elementor-button{font-family:var( --e-global-typography-accent-font-family ), Sans-serif;font-weight:var( --e-global-typography-accent-font-weight );background-color:var( --e-global-color-accent );}.pp-tooltip.pp-tooltip-{{ID}} .pp-tooltip-content{font-family:var( --e-global-typography-accent-font-family ), Sans-serif;font-weight:var( --e-global-typography-accent-font-weight );}.elementor-5301 .elementor-element.elementor-element-1ec191f .elementor-button{font-family:\"Lato\", Sans-serif;font-weight:500;fill:#FFFFFF;color:#FFFFFF;background-color:var( --e-global-color-primary );border-radius:0px 0px 0px 0px;}.elementor-5301 .elementor-element.elementor-element-1ec191f > .elementor-widget-container{margin:10px 0px 0px 0px;}.elementor-5301 .elementor-element.elementor-element-7ec2219{--display:flex;--padding-top:0px;--padding-bottom:0px;--padding-left:25px;--padding-right:25px;}.elementor-widget-divider{--divider-color:var( --e-global-color-secondary );}.elementor-widget-divider .elementor-divider__text{color:var( --e-global-color-secondary );font-family:var( --e-global-typography-secondary-font-family ), Sans-serif;font-weight:var( --e-global-typography-secondary-font-weight );}.elementor-widget-divider.elementor-view-stacked .elementor-icon{background-color:var( --e-global-color-secondary );}.elementor-widget-divider.elementor-view-framed .elementor-icon, .elementor-widget-divider.elementor-view-default .elementor-icon{color:var( --e-global-color-secondary );border-color:var( --e-global-color-secondary );}.elementor-widget-divider.elementor-view-framed .elementor-icon, .elementor-widget-divider.elementor-view-default .elementor-icon svg{fill:var( --e-global-color-secondary );}.elementor-5301 .elementor-element.elementor-element-acd6cd4{--divider-border-style:solid;--divider-color:var( --e-global-color-primary );--divider-border-width:6px;}.elementor-5301 .elementor-element.elementor-element-acd6cd4 .elementor-divider-separator{width:25%;}.elementor-5301 .elementor-element.elementor-element-acd6cd4 .elementor-divider{padding-block-start:2px;padding-block-end:2px;}.elementor-5301 .elementor-element.elementor-element-acd6cd4 > .elementor-widget-container{margin:0px 0px 0px 0px;padding:0px 0px 0px 0px;}.elementor-widget-theme-post-title .elementor-heading-title{font-family:var( --e-global-typography-primary-font-family ), Sans-serif;font-weight:var( --e-global-typography-primary-font-weight );color:var( --e-global-color-primary );}.elementor-5301 .elementor-element.elementor-element-12fbc41 .elementor-heading-title{font-family:\"Lato\", Sans-serif;font-size:24px;font-weight:900;color:var( --e-global-color-secondary );}.elementor-widget-post-info .elementor-icon-list-item:not(:last-child):after{border-color:var( --e-global-color-text );}.elementor-widget-post-info .elementor-icon-list-icon i{color:var( --e-global-color-primary );}.elementor-widget-post-info .elementor-icon-list-icon svg{fill:var( --e-global-color-primary );}.elementor-widget-post-info .elementor-icon-list-text, .elementor-widget-post-info .elementor-icon-list-text a{color:var( --e-global-color-secondary );}.elementor-widget-post-info .elementor-icon-list-item{font-family:var( --e-global-typography-text-font-family ), Sans-serif;font-weight:var( --e-global-typography-text-font-weight );}.elementor-5301 .elementor-element.elementor-element-c1bcc29 .elementor-icon-list-icon{width:14px;}.elementor-5301 .elementor-element.elementor-element-c1bcc29 .elementor-icon-list-icon i{font-size:14px;}.elementor-5301 .elementor-element.elementor-element-c1bcc29 .elementor-icon-list-icon svg{--e-icon-list-icon-size:14px;}.elementor-5301 .elementor-element.elementor-element-c1bcc29 .elementor-icon-list-text, .elementor-5301 .elementor-element.elementor-element-c1bcc29 .elementor-icon-list-text a{color:var( --e-global-color-b0263bc );}.elementor-5301 .elementor-element.elementor-element-c1bcc29 > .elementor-widget-container{margin:-5px 0px -5px 0px;padding:0px 0px 0px 0px;}.elementor-widget-theme-post-excerpt .elementor-widget-container{font-family:var( --e-global-typography-text-font-family ), Sans-serif;font-weight:var( --e-global-typography-text-font-weight );color:var( --e-global-color-text );}.elementor-5301 .elementor-element.elementor-element-3005569 .elementor-widget-container{font-family:\"Lato\", Sans-serif;font-size:21px;font-weight:400;color:var( --e-global-color-secondary );}\/* Start custom CSS for theme-post-title, class: .elementor-element-12fbc41 *\/.elementor-5301 .elementor-element.elementor-element-12fbc41 a:hover {\n    color:#50AEE4;\n}\/* End custom CSS *\/<\/style>\t\t<div data-elementor-type=\"loop-item\" data-elementor-id=\"5301\" class=\"elementor elementor-5301 swiper-slide e-loop-item e-loop-item-15756 post-15756 post type-post status-publish format-standard has-post-thumbnail hentry category-news-fr\" data-elementor-post-type=\"elementor_library\" role=\"group\" aria-roledescription=\"slide\" data-custom-edit-handle=\"1\">\n\t\t\t<div class=\"elementor-element elementor-element-79d35e2 e-flex e-con-boxed e-con e-parent\" data-id=\"79d35e2\" data-element_type=\"container\" data-e-type=\"container\">\n\t\t\t\t\t<div class=\"e-con-inner\">\n\t\t<div data-pp-wrapper-link=\"{&quot;url&quot;:&quot;https:\\\/\\\/www.kern-sammet.ch\\\/fr\\\/news-fr\\\/deklarationspflicht\\\/&quot;,&quot;is_external&quot;:&quot;&quot;,&quot;nofollow&quot;:&quot;&quot;}\" class=\"pp-wrapper-link elementor-element elementor-element-ebdf0ee e-flex e-con-boxed e-con e-child\" data-id=\"ebdf0ee\" data-element_type=\"container\" data-e-type=\"container\" data-settings=\"{&quot;background_background&quot;:&quot;classic&quot;}\">\n\t\t\t\t\t<div class=\"e-con-inner\">\n\t\t\t\t<div class=\"elementor-element elementor-element-1ec191f elementor-widget elementor-widget-button\" data-id=\"1ec191f\" data-element_type=\"widget\" data-e-type=\"widget\" data-widget_type=\"button.default\">\n\t\t\t\t<div class=\"elementor-widget-container\">\n\t\t\t\t\t\t\t\t\t<div class=\"elementor-button-wrapper\">\n\t\t\t\t\t<a class=\"elementor-button elementor-button-link elementor-size-sm\" href=\"https:\/\/www.kern-sammet.ch\/fr\/news-fr\/deklarationspflicht\/\">\n\t\t\t\t\t\t<span class=\"elementor-button-content-wrapper\">\n\t\t\t\t\t\t\t\t\t<span class=\"elementor-button-text\">lois<\/span>\n\t\t\t\t\t<\/span>\n\t\t\t\t\t<\/a>\n\t\t\t\t<\/div>\n\t\t\t\t\t\t\t\t<\/div>\n\t\t\t\t<\/div>\n\t\t\t\t\t<\/div>\n\t\t\t\t<\/div>\n\t\t<div class=\"elementor-element elementor-element-7ec2219 e-flex e-con-boxed e-con e-child\" data-id=\"7ec2219\" data-element_type=\"container\" data-e-type=\"container\">\n\t\t\t\t\t<div class=\"e-con-inner\">\n\t\t\t\t<div class=\"elementor-element elementor-element-acd6cd4 elementor-widget-divider--view-line elementor-widget elementor-widget-divider\" data-id=\"acd6cd4\" data-element_type=\"widget\" data-e-type=\"widget\" data-widget_type=\"divider.default\">\n\t\t\t\t<div class=\"elementor-widget-container\">\n\t\t\t\t\t\t\t<div class=\"elementor-divider\">\n\t\t\t<span class=\"elementor-divider-separator\">\n\t\t\t\t\t\t<\/span>\n\t\t<\/div>\n\t\t\t\t\t\t<\/div>\n\t\t\t\t<\/div>\n\t\t\t\t<div class=\"elementor-element elementor-element-12fbc41 elementor-widget elementor-widget-theme-post-title elementor-page-title elementor-widget-heading\" data-id=\"12fbc41\" data-element_type=\"widget\" data-e-type=\"widget\" data-widget_type=\"theme-post-title.default\">\n\t\t\t\t<div class=\"elementor-widget-container\">\n\t\t\t\t\t<h1 class=\"elementor-heading-title elementor-size-default\"><a href=\"https:\/\/www.kern-sammet.ch\/fr\/news-fr\/deklarationspflicht\/\">D\u00e9claration obligatoire pour le pain et les produits de boulangerie fine<\/a><\/h1>\t\t\t\t<\/div>\n\t\t\t\t<\/div>\n\t\t\t\t<div class=\"elementor-element elementor-element-c1bcc29 elementor-widget elementor-widget-post-info\" data-id=\"c1bcc29\" data-element_type=\"widget\" data-e-type=\"widget\" data-widget_type=\"post-info.default\">\n\t\t\t\t<div class=\"elementor-widget-container\">\n\t\t\t\t\t\t\t<ul class=\"elementor-inline-items elementor-icon-list-items elementor-post-info\">\n\t\t\t\t\t\t\t\t<li class=\"elementor-icon-list-item elementor-repeater-item-0371d90 elementor-inline-item\" itemprop=\"datePublished\">\n\t\t\t\t\t\t\t\t\t\t\t\t\t<span class=\"elementor-icon-list-text elementor-post-info__item elementor-post-info__item--type-date\">\n\t\t\t\t\t\t\t\t\t\t<time>23. janvier  2025<\/time>\t\t\t\t\t<\/span>\n\t\t\t\t\t\t\t\t<\/li>\n\t\t\t\t<\/ul>\n\t\t\t\t\t\t<\/div>\n\t\t\t\t<\/div>\n\t\t\t\t<div class=\"elementor-element elementor-element-3005569 elementor-widget elementor-widget-theme-post-excerpt\" data-id=\"3005569\" data-element_type=\"widget\" data-e-type=\"widget\" data-widget_type=\"theme-post-excerpt.default\">\n\t\t\t\t<div class=\"elementor-widget-container\">\n\t\t\t\t\tDepuis le 1er f\u00e9vrier 2024, une nouvelle obligation de d\u00e9claration s'appliquera aux \u00e9tablissements de restauration : le pays de production...\t\t\t\t<\/div>\n\t\t\t\t<\/div>\n\t\t\t\t\t<\/div>\n\t\t\t\t<\/div>\n\t\t\t\t\t<\/div>\n\t\t\t\t<\/div>\n\t\t\t\t<\/div>\n\t\t<style id=\"loop-dynamic-5301\">.e-loop-item-15737 .elementor-element.elementor-element-ebdf0ee:not(.elementor-motion-effects-element-type-background), .e-loop-item-15737 .elementor-element.elementor-element-ebdf0ee > .elementor-motion-effects-container > .elementor-motion-effects-layer{background-image:url(\"https:\/\/www.kern-sammet.ch\/wp-content\/uploads\/2025\/01\/News_2025_01_Katalog.jpg\");}<\/style>\t\t<div data-elementor-type=\"loop-item\" data-elementor-id=\"5301\" class=\"elementor elementor-5301 swiper-slide e-loop-item e-loop-item-15737 post-15737 post type-post status-publish format-standard has-post-thumbnail hentry category-news-fr\" data-elementor-post-type=\"elementor_library\" role=\"group\" aria-roledescription=\"slide\" data-custom-edit-handle=\"1\">\n\t\t\t<div class=\"elementor-element elementor-element-79d35e2 e-flex e-con-boxed e-con e-parent\" data-id=\"79d35e2\" data-element_type=\"container\" data-e-type=\"container\">\n\t\t\t\t\t<div class=\"e-con-inner\">\n\t\t<div data-pp-wrapper-link=\"{&quot;url&quot;:&quot;https:\\\/\\\/www.kern-sammet.ch\\\/fr\\\/news-fr\\\/der-katalog-2025-ist-da\\\/&quot;,&quot;is_external&quot;:&quot;&quot;,&quot;nofollow&quot;:&quot;&quot;}\" class=\"pp-wrapper-link elementor-element elementor-element-ebdf0ee e-flex e-con-boxed e-con e-child\" data-id=\"ebdf0ee\" data-element_type=\"container\" data-e-type=\"container\" data-settings=\"{&quot;background_background&quot;:&quot;classic&quot;}\">\n\t\t\t\t\t<div class=\"e-con-inner\">\n\t\t\t\t<div class=\"elementor-element elementor-element-1ec191f elementor-widget elementor-widget-button\" data-id=\"1ec191f\" data-element_type=\"widget\" data-e-type=\"widget\" data-widget_type=\"button.default\">\n\t\t\t\t<div class=\"elementor-widget-container\">\n\t\t\t\t\t\t\t\t\t<div class=\"elementor-button-wrapper\">\n\t\t\t\t\t<a class=\"elementor-button elementor-button-link elementor-size-sm\" href=\"https:\/\/www.kern-sammet.ch\/fr\/news-fr\/der-katalog-2025-ist-da\/\">\n\t\t\t\t\t\t<span class=\"elementor-button-content-wrapper\">\n\t\t\t\t\t\t\t\t\t<span class=\"elementor-button-text\">Gamme<\/span>\n\t\t\t\t\t<\/span>\n\t\t\t\t\t<\/a>\n\t\t\t\t<\/div>\n\t\t\t\t\t\t\t\t<\/div>\n\t\t\t\t<\/div>\n\t\t\t\t\t<\/div>\n\t\t\t\t<\/div>\n\t\t<div class=\"elementor-element elementor-element-7ec2219 e-flex e-con-boxed e-con e-child\" data-id=\"7ec2219\" data-element_type=\"container\" data-e-type=\"container\">\n\t\t\t\t\t<div class=\"e-con-inner\">\n\t\t\t\t<div class=\"elementor-element elementor-element-acd6cd4 elementor-widget-divider--view-line elementor-widget elementor-widget-divider\" data-id=\"acd6cd4\" data-element_type=\"widget\" data-e-type=\"widget\" data-widget_type=\"divider.default\">\n\t\t\t\t<div class=\"elementor-widget-container\">\n\t\t\t\t\t\t\t<div class=\"elementor-divider\">\n\t\t\t<span class=\"elementor-divider-separator\">\n\t\t\t\t\t\t<\/span>\n\t\t<\/div>\n\t\t\t\t\t\t<\/div>\n\t\t\t\t<\/div>\n\t\t\t\t<div class=\"elementor-element elementor-element-12fbc41 elementor-widget elementor-widget-theme-post-title elementor-page-title elementor-widget-heading\" data-id=\"12fbc41\" data-element_type=\"widget\" data-e-type=\"widget\" data-widget_type=\"theme-post-title.default\">\n\t\t\t\t<div class=\"elementor-widget-container\">\n\t\t\t\t\t<h1 class=\"elementor-heading-title elementor-size-default\"><a href=\"https:\/\/www.kern-sammet.ch\/fr\/news-fr\/der-katalog-2025-ist-da\/\">Le catalogue 2025 est arriv\u00e9!<\/a><\/h1>\t\t\t\t<\/div>\n\t\t\t\t<\/div>\n\t\t\t\t<div class=\"elementor-element elementor-element-c1bcc29 elementor-widget elementor-widget-post-info\" data-id=\"c1bcc29\" data-element_type=\"widget\" data-e-type=\"widget\" data-widget_type=\"post-info.default\">\n\t\t\t\t<div class=\"elementor-widget-container\">\n\t\t\t\t\t\t\t<ul class=\"elementor-inline-items elementor-icon-list-items elementor-post-info\">\n\t\t\t\t\t\t\t\t<li class=\"elementor-icon-list-item elementor-repeater-item-0371d90 elementor-inline-item\" itemprop=\"datePublished\">\n\t\t\t\t\t\t\t\t\t\t\t\t\t<span class=\"elementor-icon-list-text elementor-post-info__item elementor-post-info__item--type-date\">\n\t\t\t\t\t\t\t\t\t\t<time>7. janvier  2025<\/time>\t\t\t\t\t<\/span>\n\t\t\t\t\t\t\t\t<\/li>\n\t\t\t\t<\/ul>\n\t\t\t\t\t\t<\/div>\n\t\t\t\t<\/div>\n\t\t\t\t<div class=\"elementor-element elementor-element-3005569 elementor-widget elementor-widget-theme-post-excerpt\" data-id=\"3005569\" data-element_type=\"widget\" data-e-type=\"widget\" data-widget_type=\"theme-post-excerpt.default\">\n\t\t\t\t<div class=\"elementor-widget-container\">\n\t\t\t\t\tLe voici: notre nouveau catalogue avec un large choix de d\u00e9licieuses p\u00e2tisseries et de savoureux desserts. Venez le parcourir et...\t\t\t\t<\/div>\n\t\t\t\t<\/div>\n\t\t\t\t\t<\/div>\n\t\t\t\t<\/div>\n\t\t\t\t\t<\/div>\n\t\t\t\t<\/div>\n\t\t\t\t<\/div>\n\t\t<style id=\"loop-dynamic-5301\">.e-loop-item-14173 .elementor-element.elementor-element-ebdf0ee:not(.elementor-motion-effects-element-type-background), .e-loop-item-14173 .elementor-element.elementor-element-ebdf0ee > .elementor-motion-effects-container > .elementor-motion-effects-layer{background-image:url(\"https:\/\/www.kern-sammet.ch\/wp-content\/uploads\/2024\/04\/01_05_Hero_2024_1.jpg\");}<\/style>\t\t<div data-elementor-type=\"loop-item\" data-elementor-id=\"5301\" class=\"elementor elementor-5301 swiper-slide e-loop-item e-loop-item-14173 post-14173 post type-post status-publish format-standard has-post-thumbnail hentry category-news-fr\" data-elementor-post-type=\"elementor_library\" role=\"group\" aria-roledescription=\"slide\" data-custom-edit-handle=\"1\">\n\t\t\t<div class=\"elementor-element elementor-element-79d35e2 e-flex e-con-boxed e-con e-parent\" data-id=\"79d35e2\" data-element_type=\"container\" data-e-type=\"container\">\n\t\t\t\t\t<div class=\"e-con-inner\">\n\t\t<div data-pp-wrapper-link=\"{&quot;url&quot;:&quot;https:\\\/\\\/www.kern-sammet.ch\\\/fr\\\/news-fr\\\/kooperation-mit-hero-gastronomique\\\/&quot;,&quot;is_external&quot;:&quot;&quot;,&quot;nofollow&quot;:&quot;&quot;}\" class=\"pp-wrapper-link elementor-element elementor-element-ebdf0ee e-flex e-con-boxed e-con e-child\" data-id=\"ebdf0ee\" data-element_type=\"container\" data-e-type=\"container\" data-settings=\"{&quot;background_background&quot;:&quot;classic&quot;}\">\n\t\t\t\t\t<div class=\"e-con-inner\">\n\t\t\t\t<div class=\"elementor-element elementor-element-1ec191f elementor-widget elementor-widget-button\" data-id=\"1ec191f\" data-element_type=\"widget\" data-e-type=\"widget\" data-widget_type=\"button.default\">\n\t\t\t\t<div class=\"elementor-widget-container\">\n\t\t\t\t\t\t\t\t\t<div class=\"elementor-button-wrapper\">\n\t\t\t\t\t<a class=\"elementor-button elementor-button-link elementor-size-sm\" href=\"https:\/\/www.kern-sammet.ch\/fr\/news-fr\/kooperation-mit-hero-gastronomique\/\">\n\t\t\t\t\t\t<span class=\"elementor-button-content-wrapper\">\n\t\t\t\t\t\t\t\t\t<span class=\"elementor-button-text\">Coop\u00e9ration<\/span>\n\t\t\t\t\t<\/span>\n\t\t\t\t\t<\/a>\n\t\t\t\t<\/div>\n\t\t\t\t\t\t\t\t<\/div>\n\t\t\t\t<\/div>\n\t\t\t\t\t<\/div>\n\t\t\t\t<\/div>\n\t\t<div class=\"elementor-element elementor-element-7ec2219 e-flex e-con-boxed e-con e-child\" data-id=\"7ec2219\" data-element_type=\"container\" data-e-type=\"container\">\n\t\t\t\t\t<div class=\"e-con-inner\">\n\t\t\t\t<div class=\"elementor-element elementor-element-acd6cd4 elementor-widget-divider--view-line elementor-widget elementor-widget-divider\" data-id=\"acd6cd4\" data-element_type=\"widget\" data-e-type=\"widget\" data-widget_type=\"divider.default\">\n\t\t\t\t<div class=\"elementor-widget-container\">\n\t\t\t\t\t\t\t<div class=\"elementor-divider\">\n\t\t\t<span class=\"elementor-divider-separator\">\n\t\t\t\t\t\t<\/span>\n\t\t<\/div>\n\t\t\t\t\t\t<\/div>\n\t\t\t\t<\/div>\n\t\t\t\t<div class=\"elementor-element elementor-element-12fbc41 elementor-widget elementor-widget-theme-post-title elementor-page-title elementor-widget-heading\" data-id=\"12fbc41\" data-element_type=\"widget\" data-e-type=\"widget\" data-widget_type=\"theme-post-title.default\">\n\t\t\t\t<div class=\"elementor-widget-container\">\n\t\t\t\t\t<h1 class=\"elementor-heading-title elementor-size-default\"><a href=\"https:\/\/www.kern-sammet.ch\/fr\/news-fr\/kooperation-mit-hero-gastronomique\/\">Coop\u00e9ration avec Hero Gastronomique<\/a><\/h1>\t\t\t\t<\/div>\n\t\t\t\t<\/div>\n\t\t\t\t<div class=\"elementor-element elementor-element-c1bcc29 elementor-widget elementor-widget-post-info\" data-id=\"c1bcc29\" data-element_type=\"widget\" data-e-type=\"widget\" data-widget_type=\"post-info.default\">\n\t\t\t\t<div class=\"elementor-widget-container\">\n\t\t\t\t\t\t\t<ul class=\"elementor-inline-items elementor-icon-list-items elementor-post-info\">\n\t\t\t\t\t\t\t\t<li class=\"elementor-icon-list-item elementor-repeater-item-0371d90 elementor-inline-item\" itemprop=\"datePublished\">\n\t\t\t\t\t\t\t\t\t\t\t\t\t<span class=\"elementor-icon-list-text elementor-post-info__item elementor-post-info__item--type-date\">\n\t\t\t\t\t\t\t\t\t\t<time>30. avril  2024<\/time>\t\t\t\t\t<\/span>\n\t\t\t\t\t\t\t\t<\/li>\n\t\t\t\t<\/ul>\n\t\t\t\t\t\t<\/div>\n\t\t\t\t<\/div>\n\t\t\t\t<div class=\"elementor-element elementor-element-3005569 elementor-widget elementor-widget-theme-post-excerpt\" data-id=\"3005569\" data-element_type=\"widget\" data-e-type=\"widget\" data-widget_type=\"theme-post-excerpt.default\">\n\t\t\t\t<div class=\"elementor-widget-container\">\n\t\t\t\t\tNous avons le plaisir d\u2019annoncer une nouvelle coop\u00e9ration : L\u2019\u00e9quipe du service ext\u00e9rieur de Hero Gastronomique soutient depuis avril 2024...\t\t\t\t<\/div>\n\t\t\t\t<\/div>\n\t\t\t\t\t<\/div>\n\t\t\t\t<\/div>\n\t\t\t\t\t<\/div>\n\t\t\t\t<\/div>\n\t\t\t\t<\/div>\n\t\t\t\t<\/div>\n\t\t<\/div>\n\t\t\t\t\t\t<\/div>\n\t\t\t\t<\/div>\n\t\t\t\t\t<\/div>\n\t\t\t\t<\/div>\n\t\t\t\t<\/div>\n\t\t","protected":false},"excerpt":{"rendered":"<p>Nous avons le plaisir de vous pr\u00e9senter une nouveaut\u00e9 exceptionnelle de la maison Kern &amp; Sammet! En \u00e9troite collaboration avec l\u2019entreprise Bakery Bakery, la premi\u00e8re boulangerie enti\u00e8rement v\u00e9gane de Suisse, nous sommes fiers de vous pr\u00e9senter notre toute nouvelle gamme v\u00e9gane: Bakery Bakery \u00d7 Kern &amp; Sammet.<\/p>\n","protected":false},"author":1,"featured_media":5658,"comment_status":"closed","ping_status":"closed","sticky":false,"template":"","format":"standard","meta":{"_acf_changed":false,"footnotes":""},"categories":[99],"tags":[],"convience-grad":[],"ernahrungsform":[],"weitere-merkmale":[],"class_list":["post-13722","post","type-post","status-publish","format-standard","has-post-thumbnail","hentry","category-news-fr"],"acf":[],"yoast_head":"<!-- This site is optimized with the Yoast SEO plugin v27.4 - https:\/\/yoast.com\/product\/yoast-seo-wordpress\/ -->\n<title>Coop\u00e9ration avec Bakery Bakery - Kern Sammet AG<\/title>\n<meta name=\"robots\" content=\"index, follow, max-snippet:-1, max-image-preview:large, max-video-preview:-1\" \/>\n<link rel=\"canonical\" href=\"https:\/\/www.kern-sammet.ch\/fr\/news-fr\/cooperation-avec-bakery-bakery\/\" \/>\n<meta property=\"og:locale\" content=\"fr_FR\" \/>\n<meta property=\"og:type\" content=\"article\" \/>\n<meta property=\"og:title\" content=\"Coop\u00e9ration avec Bakery Bakery - Kern Sammet AG\" \/>\n<meta property=\"og:description\" content=\"Nous avons le plaisir de vous pr\u00e9senter une nouveaut\u00e9 exceptionnelle de la maison Kern &amp; Sammet! En \u00e9troite collaboration avec l\u2019entreprise Bakery Bakery, la premi\u00e8re boulangerie enti\u00e8rement v\u00e9gane de Suisse, nous sommes fiers de vous pr\u00e9senter notre toute nouvelle gamme v\u00e9gane: Bakery Bakery \u00d7 Kern &amp; Sammet.\" \/>\n<meta property=\"og:url\" content=\"https:\/\/www.kern-sammet.ch\/fr\/news-fr\/cooperation-avec-bakery-bakery\/\" \/>\n<meta property=\"og:site_name\" content=\"Kern Sammet AG\" \/>\n<meta property=\"article:publisher\" content=\"https:\/\/www.facebook.com\/kernsammet\/\" \/>\n<meta property=\"article:published_time\" content=\"2024-01-10T14:12:02+00:00\" \/>\n<meta property=\"article:modified_time\" content=\"2024-04-24T10:32:25+00:00\" \/>\n<meta property=\"og:image\" content=\"https:\/\/www.kern-sammet.ch\/wp-content\/uploads\/2024\/01\/01_05_News.jpg\" \/>\n\t<meta property=\"og:image:width\" content=\"1077\" \/>\n\t<meta property=\"og:image:height\" content=\"585\" \/>\n\t<meta property=\"og:image:type\" content=\"image\/jpeg\" \/>\n<meta name=\"author\" content=\"KadministratorS\" \/>\n<meta name=\"twitter:card\" content=\"summary_large_image\" \/>\n<meta name=\"twitter:label1\" content=\"\u00c9crit par\" \/>\n\t<meta name=\"twitter:data1\" content=\"KadministratorS\" \/>\n\t<meta name=\"twitter:label2\" content=\"Dur\u00e9e de lecture estim\u00e9e\" \/>\n\t<meta name=\"twitter:data2\" content=\"1 minute\" \/>\n<script type=\"application\/ld+json\" class=\"yoast-schema-graph\">{\"@context\":\"https:\\\/\\\/schema.org\",\"@graph\":[{\"@type\":\"Article\",\"@id\":\"https:\\\/\\\/www.kern-sammet.ch\\\/fr\\\/news-fr\\\/cooperation-avec-bakery-bakery\\\/#article\",\"isPartOf\":{\"@id\":\"https:\\\/\\\/www.kern-sammet.ch\\\/fr\\\/news-fr\\\/cooperation-avec-bakery-bakery\\\/\"},\"author\":{\"name\":\"KadministratorS\",\"@id\":\"https:\\\/\\\/www.kern-sammet.ch\\\/fr\\\/#\\\/schema\\\/person\\\/b465049be0a182adabac8a62daa743e0\"},\"headline\":\"Coop\u00e9ration avec Bakery Bakery\",\"datePublished\":\"2024-01-10T14:12:02+00:00\",\"dateModified\":\"2024-04-24T10:32:25+00:00\",\"mainEntityOfPage\":{\"@id\":\"https:\\\/\\\/www.kern-sammet.ch\\\/fr\\\/news-fr\\\/cooperation-avec-bakery-bakery\\\/\"},\"wordCount\":154,\"publisher\":{\"@id\":\"https:\\\/\\\/www.kern-sammet.ch\\\/fr\\\/#organization\"},\"image\":{\"@id\":\"https:\\\/\\\/www.kern-sammet.ch\\\/fr\\\/news-fr\\\/cooperation-avec-bakery-bakery\\\/#primaryimage\"},\"thumbnailUrl\":\"https:\\\/\\\/www.kern-sammet.ch\\\/wp-content\\\/uploads\\\/2024\\\/01\\\/01_05_News.jpg\",\"articleSection\":[\"News\"],\"inLanguage\":\"fr-FR\"},{\"@type\":\"WebPage\",\"@id\":\"https:\\\/\\\/www.kern-sammet.ch\\\/fr\\\/news-fr\\\/cooperation-avec-bakery-bakery\\\/\",\"url\":\"https:\\\/\\\/www.kern-sammet.ch\\\/fr\\\/news-fr\\\/cooperation-avec-bakery-bakery\\\/\",\"name\":\"Coop\u00e9ration avec Bakery Bakery - Kern Sammet AG\",\"isPartOf\":{\"@id\":\"https:\\\/\\\/www.kern-sammet.ch\\\/fr\\\/#website\"},\"primaryImageOfPage\":{\"@id\":\"https:\\\/\\\/www.kern-sammet.ch\\\/fr\\\/news-fr\\\/cooperation-avec-bakery-bakery\\\/#primaryimage\"},\"image\":{\"@id\":\"https:\\\/\\\/www.kern-sammet.ch\\\/fr\\\/news-fr\\\/cooperation-avec-bakery-bakery\\\/#primaryimage\"},\"thumbnailUrl\":\"https:\\\/\\\/www.kern-sammet.ch\\\/wp-content\\\/uploads\\\/2024\\\/01\\\/01_05_News.jpg\",\"datePublished\":\"2024-01-10T14:12:02+00:00\",\"dateModified\":\"2024-04-24T10:32:25+00:00\",\"breadcrumb\":{\"@id\":\"https:\\\/\\\/www.kern-sammet.ch\\\/fr\\\/news-fr\\\/cooperation-avec-bakery-bakery\\\/#breadcrumb\"},\"inLanguage\":\"fr-FR\",\"potentialAction\":[{\"@type\":\"ReadAction\",\"target\":[\"https:\\\/\\\/www.kern-sammet.ch\\\/fr\\\/news-fr\\\/cooperation-avec-bakery-bakery\\\/\"]}]},{\"@type\":\"ImageObject\",\"inLanguage\":\"fr-FR\",\"@id\":\"https:\\\/\\\/www.kern-sammet.ch\\\/fr\\\/news-fr\\\/cooperation-avec-bakery-bakery\\\/#primaryimage\",\"url\":\"https:\\\/\\\/www.kern-sammet.ch\\\/wp-content\\\/uploads\\\/2024\\\/01\\\/01_05_News.jpg\",\"contentUrl\":\"https:\\\/\\\/www.kern-sammet.ch\\\/wp-content\\\/uploads\\\/2024\\\/01\\\/01_05_News.jpg\",\"width\":1077,\"height\":585},{\"@type\":\"BreadcrumbList\",\"@id\":\"https:\\\/\\\/www.kern-sammet.ch\\\/fr\\\/news-fr\\\/cooperation-avec-bakery-bakery\\\/#breadcrumb\",\"itemListElement\":[{\"@type\":\"ListItem\",\"position\":1,\"name\":\"Startseite\",\"item\":\"https:\\\/\\\/www.kern-sammet.ch\\\/fr\\\/\"},{\"@type\":\"ListItem\",\"position\":2,\"name\":\"Coop\u00e9ration avec Bakery Bakery\"}]},{\"@type\":\"WebSite\",\"@id\":\"https:\\\/\\\/www.kern-sammet.ch\\\/fr\\\/#website\",\"url\":\"https:\\\/\\\/www.kern-sammet.ch\\\/fr\\\/\",\"name\":\"Kern & Sammet AG\",\"description\":\"\",\"publisher\":{\"@id\":\"https:\\\/\\\/www.kern-sammet.ch\\\/fr\\\/#organization\"},\"potentialAction\":[{\"@type\":\"SearchAction\",\"target\":{\"@type\":\"EntryPoint\",\"urlTemplate\":\"https:\\\/\\\/www.kern-sammet.ch\\\/fr\\\/?s={search_term_string}\"},\"query-input\":{\"@type\":\"PropertyValueSpecification\",\"valueRequired\":true,\"valueName\":\"search_term_string\"}}],\"inLanguage\":\"fr-FR\"},{\"@type\":\"Organization\",\"@id\":\"https:\\\/\\\/www.kern-sammet.ch\\\/fr\\\/#organization\",\"name\":\"Kern & Sammet AG\",\"url\":\"https:\\\/\\\/www.kern-sammet.ch\\\/fr\\\/\",\"logo\":{\"@type\":\"ImageObject\",\"inLanguage\":\"fr-FR\",\"@id\":\"https:\\\/\\\/www.kern-sammet.ch\\\/fr\\\/#\\\/schema\\\/logo\\\/image\\\/\",\"url\":\"https:\\\/\\\/www.kern-sammet.ch\\\/wp-content\\\/uploads\\\/2023\\\/11\\\/KS_Logo_Claim_Swiss_RGB_DE.png\",\"contentUrl\":\"https:\\\/\\\/www.kern-sammet.ch\\\/wp-content\\\/uploads\\\/2023\\\/11\\\/KS_Logo_Claim_Swiss_RGB_DE.png\",\"width\":2240,\"height\":585,\"caption\":\"Kern & Sammet AG\"},\"image\":{\"@id\":\"https:\\\/\\\/www.kern-sammet.ch\\\/fr\\\/#\\\/schema\\\/logo\\\/image\\\/\"},\"sameAs\":[\"https:\\\/\\\/www.facebook.com\\\/kernsammet\\\/\"]},{\"@type\":\"Person\",\"@id\":\"https:\\\/\\\/www.kern-sammet.ch\\\/fr\\\/#\\\/schema\\\/person\\\/b465049be0a182adabac8a62daa743e0\",\"name\":\"KadministratorS\",\"image\":{\"@type\":\"ImageObject\",\"inLanguage\":\"fr-FR\",\"@id\":\"https:\\\/\\\/secure.gravatar.com\\\/avatar\\\/7040fdcc9cb04f7c6b7d1919f1906269dce332e5f8e8b5823e08295b6c1d51eb?s=96&d=mm&r=g\",\"url\":\"https:\\\/\\\/secure.gravatar.com\\\/avatar\\\/7040fdcc9cb04f7c6b7d1919f1906269dce332e5f8e8b5823e08295b6c1d51eb?s=96&d=mm&r=g\",\"contentUrl\":\"https:\\\/\\\/secure.gravatar.com\\\/avatar\\\/7040fdcc9cb04f7c6b7d1919f1906269dce332e5f8e8b5823e08295b6c1d51eb?s=96&d=mm&r=g\",\"caption\":\"KadministratorS\"},\"sameAs\":[\"https:\\\/\\\/www.kern-sammet.ch\"],\"url\":\"https:\\\/\\\/www.kern-sammet.ch\\\/fr\\\/author\\\/kadministrators\\\/\"}]}<\/script>\n<!-- \/ Yoast SEO plugin. -->","yoast_head_json":{"title":"Coop\u00e9ration avec Bakery Bakery - Kern Sammet AG","robots":{"index":"index","follow":"follow","max-snippet":"max-snippet:-1","max-image-preview":"max-image-preview:large","max-video-preview":"max-video-preview:-1"},"canonical":"https:\/\/www.kern-sammet.ch\/fr\/news-fr\/cooperation-avec-bakery-bakery\/","og_locale":"fr_FR","og_type":"article","og_title":"Coop\u00e9ration avec Bakery Bakery - Kern Sammet AG","og_description":"Nous avons le plaisir de vous pr\u00e9senter une nouveaut\u00e9 exceptionnelle de la maison Kern &amp; Sammet! En \u00e9troite collaboration avec l\u2019entreprise Bakery Bakery, la premi\u00e8re boulangerie enti\u00e8rement v\u00e9gane de Suisse, nous sommes fiers de vous pr\u00e9senter notre toute nouvelle gamme v\u00e9gane: Bakery Bakery \u00d7 Kern &amp; Sammet.","og_url":"https:\/\/www.kern-sammet.ch\/fr\/news-fr\/cooperation-avec-bakery-bakery\/","og_site_name":"Kern Sammet AG","article_publisher":"https:\/\/www.facebook.com\/kernsammet\/","article_published_time":"2024-01-10T14:12:02+00:00","article_modified_time":"2024-04-24T10:32:25+00:00","og_image":[{"width":1077,"height":585,"url":"https:\/\/www.kern-sammet.ch\/wp-content\/uploads\/2024\/01\/01_05_News.jpg","type":"image\/jpeg"}],"author":"KadministratorS","twitter_card":"summary_large_image","twitter_misc":{"\u00c9crit par":"KadministratorS","Dur\u00e9e de lecture estim\u00e9e":"1 minute"},"schema":{"@context":"https:\/\/schema.org","@graph":[{"@type":"Article","@id":"https:\/\/www.kern-sammet.ch\/fr\/news-fr\/cooperation-avec-bakery-bakery\/#article","isPartOf":{"@id":"https:\/\/www.kern-sammet.ch\/fr\/news-fr\/cooperation-avec-bakery-bakery\/"},"author":{"name":"KadministratorS","@id":"https:\/\/www.kern-sammet.ch\/fr\/#\/schema\/person\/b465049be0a182adabac8a62daa743e0"},"headline":"Coop\u00e9ration avec Bakery Bakery","datePublished":"2024-01-10T14:12:02+00:00","dateModified":"2024-04-24T10:32:25+00:00","mainEntityOfPage":{"@id":"https:\/\/www.kern-sammet.ch\/fr\/news-fr\/cooperation-avec-bakery-bakery\/"},"wordCount":154,"publisher":{"@id":"https:\/\/www.kern-sammet.ch\/fr\/#organization"},"image":{"@id":"https:\/\/www.kern-sammet.ch\/fr\/news-fr\/cooperation-avec-bakery-bakery\/#primaryimage"},"thumbnailUrl":"https:\/\/www.kern-sammet.ch\/wp-content\/uploads\/2024\/01\/01_05_News.jpg","articleSection":["News"],"inLanguage":"fr-FR"},{"@type":"WebPage","@id":"https:\/\/www.kern-sammet.ch\/fr\/news-fr\/cooperation-avec-bakery-bakery\/","url":"https:\/\/www.kern-sammet.ch\/fr\/news-fr\/cooperation-avec-bakery-bakery\/","name":"Coop\u00e9ration avec Bakery Bakery - Kern Sammet AG","isPartOf":{"@id":"https:\/\/www.kern-sammet.ch\/fr\/#website"},"primaryImageOfPage":{"@id":"https:\/\/www.kern-sammet.ch\/fr\/news-fr\/cooperation-avec-bakery-bakery\/#primaryimage"},"image":{"@id":"https:\/\/www.kern-sammet.ch\/fr\/news-fr\/cooperation-avec-bakery-bakery\/#primaryimage"},"thumbnailUrl":"https:\/\/www.kern-sammet.ch\/wp-content\/uploads\/2024\/01\/01_05_News.jpg","datePublished":"2024-01-10T14:12:02+00:00","dateModified":"2024-04-24T10:32:25+00:00","breadcrumb":{"@id":"https:\/\/www.kern-sammet.ch\/fr\/news-fr\/cooperation-avec-bakery-bakery\/#breadcrumb"},"inLanguage":"fr-FR","potentialAction":[{"@type":"ReadAction","target":["https:\/\/www.kern-sammet.ch\/fr\/news-fr\/cooperation-avec-bakery-bakery\/"]}]},{"@type":"ImageObject","inLanguage":"fr-FR","@id":"https:\/\/www.kern-sammet.ch\/fr\/news-fr\/cooperation-avec-bakery-bakery\/#primaryimage","url":"https:\/\/www.kern-sammet.ch\/wp-content\/uploads\/2024\/01\/01_05_News.jpg","contentUrl":"https:\/\/www.kern-sammet.ch\/wp-content\/uploads\/2024\/01\/01_05_News.jpg","width":1077,"height":585},{"@type":"BreadcrumbList","@id":"https:\/\/www.kern-sammet.ch\/fr\/news-fr\/cooperation-avec-bakery-bakery\/#breadcrumb","itemListElement":[{"@type":"ListItem","position":1,"name":"Startseite","item":"https:\/\/www.kern-sammet.ch\/fr\/"},{"@type":"ListItem","position":2,"name":"Coop\u00e9ration avec Bakery Bakery"}]},{"@type":"WebSite","@id":"https:\/\/www.kern-sammet.ch\/fr\/#website","url":"https:\/\/www.kern-sammet.ch\/fr\/","name":"Kern & Sammet AG","description":"","publisher":{"@id":"https:\/\/www.kern-sammet.ch\/fr\/#organization"},"potentialAction":[{"@type":"SearchAction","target":{"@type":"EntryPoint","urlTemplate":"https:\/\/www.kern-sammet.ch\/fr\/?s={search_term_string}"},"query-input":{"@type":"PropertyValueSpecification","valueRequired":true,"valueName":"search_term_string"}}],"inLanguage":"fr-FR"},{"@type":"Organization","@id":"https:\/\/www.kern-sammet.ch\/fr\/#organization","name":"Kern & Sammet AG","url":"https:\/\/www.kern-sammet.ch\/fr\/","logo":{"@type":"ImageObject","inLanguage":"fr-FR","@id":"https:\/\/www.kern-sammet.ch\/fr\/#\/schema\/logo\/image\/","url":"https:\/\/www.kern-sammet.ch\/wp-content\/uploads\/2023\/11\/KS_Logo_Claim_Swiss_RGB_DE.png","contentUrl":"https:\/\/www.kern-sammet.ch\/wp-content\/uploads\/2023\/11\/KS_Logo_Claim_Swiss_RGB_DE.png","width":2240,"height":585,"caption":"Kern & Sammet AG"},"image":{"@id":"https:\/\/www.kern-sammet.ch\/fr\/#\/schema\/logo\/image\/"},"sameAs":["https:\/\/www.facebook.com\/kernsammet\/"]},{"@type":"Person","@id":"https:\/\/www.kern-sammet.ch\/fr\/#\/schema\/person\/b465049be0a182adabac8a62daa743e0","name":"KadministratorS","image":{"@type":"ImageObject","inLanguage":"fr-FR","@id":"https:\/\/secure.gravatar.com\/avatar\/7040fdcc9cb04f7c6b7d1919f1906269dce332e5f8e8b5823e08295b6c1d51eb?s=96&d=mm&r=g","url":"https:\/\/secure.gravatar.com\/avatar\/7040fdcc9cb04f7c6b7d1919f1906269dce332e5f8e8b5823e08295b6c1d51eb?s=96&d=mm&r=g","contentUrl":"https:\/\/secure.gravatar.com\/avatar\/7040fdcc9cb04f7c6b7d1919f1906269dce332e5f8e8b5823e08295b6c1d51eb?s=96&d=mm&r=g","caption":"KadministratorS"},"sameAs":["https:\/\/www.kern-sammet.ch"],"url":"https:\/\/www.kern-sammet.ch\/fr\/author\/kadministrators\/"}]}},"_links":{"self":[{"href":"https:\/\/www.kern-sammet.ch\/fr\/wp-json\/wp\/v2\/posts\/13722","targetHints":{"allow":["GET"]}}],"collection":[{"href":"https:\/\/www.kern-sammet.ch\/fr\/wp-json\/wp\/v2\/posts"}],"about":[{"href":"https:\/\/www.kern-sammet.ch\/fr\/wp-json\/wp\/v2\/types\/post"}],"author":[{"embeddable":true,"href":"https:\/\/www.kern-sammet.ch\/fr\/wp-json\/wp\/v2\/users\/1"}],"replies":[{"embeddable":true,"href":"https:\/\/www.kern-sammet.ch\/fr\/wp-json\/wp\/v2\/comments?post=13722"}],"version-history":[{"count":0,"href":"https:\/\/www.kern-sammet.ch\/fr\/wp-json\/wp\/v2\/posts\/13722\/revisions"}],"wp:featuredmedia":[{"embeddable":true,"href":"https:\/\/www.kern-sammet.ch\/fr\/wp-json\/wp\/v2\/media\/5658"}],"wp:attachment":[{"href":"https:\/\/www.kern-sammet.ch\/fr\/wp-json\/wp\/v2\/media?parent=13722"}],"wp:term":[{"taxonomy":"category","embeddable":true,"href":"https:\/\/www.kern-sammet.ch\/fr\/wp-json\/wp\/v2\/categories?post=13722"},{"taxonomy":"post_tag","embeddable":true,"href":"https:\/\/www.kern-sammet.ch\/fr\/wp-json\/wp\/v2\/tags?post=13722"},{"taxonomy":"convience-grad","embeddable":true,"href":"https:\/\/www.kern-sammet.ch\/fr\/wp-json\/wp\/v2\/convience-grad?post=13722"},{"taxonomy":"ernahrungsform","embeddable":true,"href":"https:\/\/www.kern-sammet.ch\/fr\/wp-json\/wp\/v2\/ernahrungsform?post=13722"},{"taxonomy":"weitere-merkmale","embeddable":true,"href":"https:\/\/www.kern-sammet.ch\/fr\/wp-json\/wp\/v2\/weitere-merkmale?post=13722"}],"curies":[{"name":"wp","href":"https:\/\/api.w.org\/{rel}","templated":true}]}}